{"id":1505,"date":"2015-03-04T16:54:49","date_gmt":"2015-03-04T15:54:49","guid":{"rendered":"http:\/\/costa-vertical.com\/?p=1505"},"modified":"2015-05-31T17:51:37","modified_gmt":"2015-05-31T15:51:37","slug":"the-ridges-of-cabezon-de-oro","status":"publish","type":"post","link":"http:\/\/costa-vertical.com\/de\/the-ridges-of-cabezon-de-oro\/","title":{"rendered":"\u00dcber die Grate des &#8222;Cabez\u00f3n de Oro&#8220;"},"content":{"rendered":"<p>Dieser Artikel ist im Moment nur auf Englisch verf\u00fcgbar und wird gerade \u00fcbersetzt. Das Original findest Du <a title=\"hier\" href=\"http:\/\/costa-vertical.com\/en\/the-ridges-of-cabezon-de-oro\/\">hier<\/a>.<\/p>","protected":false},"excerpt":{"rendered":"<p>Leider ist der Eintrag nur auf English verf\u00fcgbar.<\/p>\n","protected":false},"author":4,"featured_media":0,"comment_status":"closed","ping_status":"closed","sticky":false,"template":"","format":"standard","meta":{"ngg_post_thumbnail":0,"footnotes":""},"categories":[1],"tags":[46,53],"class_list":["post-1505","post","type-post","status-publish","format-standard","hentry","category-climbing","tag-cabezon-de-oro","tag-walking"],"aioseo_notices":[],"_links":{"self":[{"href":"http:\/\/costa-vertical.com\/de\/wp-json\/wp\/v2\/posts\/1505"}],"collection":[{"href":"http:\/\/costa-vertical.com\/de\/wp-json\/wp\/v2\/posts"}],"about":[{"href":"http:\/\/costa-vertical.com\/de\/wp-json\/wp\/v2\/types\/post"}],"author":[{"embeddable":true,"href":"http:\/\/costa-vertical.com\/de\/wp-json\/wp\/v2\/users\/4"}],"replies":[{"embeddable":true,"href":"http:\/\/costa-vertical.com\/de\/wp-json\/wp\/v2\/comments?post=1505"}],"version-history":[{"count":13,"href":"http:\/\/costa-vertical.com\/de\/wp-json\/wp\/v2\/posts\/1505\/revisions"}],"predecessor-version":[{"id":1599,"href":"http:\/\/costa-vertical.com\/de\/wp-json\/wp\/v2\/posts\/1505\/revisions\/1599"}],"wp:attachment":[{"href":"http:\/\/costa-vertical.com\/de\/wp-json\/wp\/v2\/media?parent=1505"}],"wp:term":[{"taxonomy":"category","embeddable":true,"href":"http:\/\/costa-vertical.com\/de\/wp-json\/wp\/v2\/categories?post=1505"},{"taxonomy":"post_tag","embeddable":true,"href":"http:\/\/costa-vertical.com\/de\/wp-json\/wp\/v2\/tags?post=1505"}],"curies":[{"name":"wp","href":"https:\/\/api.w.org\/{rel}","templated":true}]}}